{"id":12287,"date":"2026-01-21T16:18:18","date_gmt":"2026-01-21T19:18:18","guid":{"rendered":"https:\/\/www.santanadoitarare.pr.gov.br\/portal\/?p=12287"},"modified":"2026-01-21T16:18:18","modified_gmt":"2026-01-21T19:18:18","slug":"abertura-do-processo-seletivo-para-estagiarios-destinado-a-estudantes-do-ensino-medio-e-ensino-superior","status":"publish","type":"post","link":"https:\/\/www.santanadoitarare.pr.gov.br\/portal\/abertura-do-processo-seletivo-para-estagiarios-destinado-a-estudantes-do-ensino-medio-e-ensino-superior\/","title":{"rendered":"ABERTURA DO PROCESSO SELETIVO PARA ESTAGI\u00c1RIOS, DESTINADO A ESTUDANTES DO ENSINO M\u00c9DIO E ENSINO SUPERIOR"},"content":{"rendered":"<p data-start=\"0\" data-end=\"364\">\n<p data-start=\"0\" data-end=\"364\">A Prefeitura Municipal de Santana do Itarar\u00e9 publicou o <strong data-start=\"56\" data-end=\"78\">Edital n\u00ba 001\/2026<\/strong>, que regulamenta a abertura do <strong data-start=\"110\" data-end=\"148\">Processo Seletivo para Estagi\u00e1rios<\/strong>, destinado a estudantes do <strong data-start=\"176\" data-end=\"210\">Ensino M\u00e9dio e Ensino Superior<\/strong>, com o objetivo de preencher vagas e formar cadastro de reserva para atua\u00e7\u00e3o nas reparti\u00e7\u00f5es p\u00fablicas do munic\u00edpio.<\/p>\n<p data-start=\"366\" data-end=\"711\">De acordo com o edital, est\u00e3o dispon\u00edveis vagas para alunos do <strong data-start=\"429\" data-end=\"464\">Ensino M\u00e9dio (1\u00ba, 2\u00ba e 3\u00ba anos)<\/strong>, al\u00e9m de acad\u00eamicos dos cursos de <strong data-start=\"499\" data-end=\"545\">Pedagogia, Licenciatura Plena e Enfermagem<\/strong>. Os estagi\u00e1rios selecionados poder\u00e3o atuar em setores como escolas municipais, CMEIs, unidades de sa\u00fade, hospital e demais \u00f3rg\u00e3os da administra\u00e7\u00e3o p\u00fablica municipal.<\/p>\n<p data-start=\"713\" data-end=\"1091\">As <strong data-start=\"716\" data-end=\"744\">inscri\u00e7\u00f5es s\u00e3o gratuitas<\/strong> e devem ser realizadas <strong data-start=\"768\" data-end=\"837\">presencialmente no Departamento de Recursos Humanos da Prefeitura<\/strong>, no per\u00edodo de <strong data-start=\"853\" data-end=\"883\">19 a 28 de janeiro de 2026<\/strong>, de segunda a sexta-feira, das <strong data-start=\"915\" data-end=\"930\">8h \u00e0s 11h30<\/strong> e das <strong data-start=\"937\" data-end=\"951\">13h \u00e0s 17h<\/strong>. Para se inscrever, o candidato deve apresentar a documenta\u00e7\u00e3o exigida no edital, incluindo comprovante de matr\u00edcula e documentos pessoais.<\/p>\n<p data-start=\"1093\" data-end=\"1360\">A sele\u00e7\u00e3o ser\u00e1 feita por meio de <strong data-start=\"1126\" data-end=\"1144\">prova objetiva<\/strong>, de car\u00e1ter classificat\u00f3rio, com 20 quest\u00f5es de m\u00faltipla escolha. A avalia\u00e7\u00e3o est\u00e1 marcada para o dia <strong data-start=\"1247\" data-end=\"1284\">1\u00ba de fevereiro de 2026 (domingo)<\/strong>, \u00e0s <strong data-start=\"1289\" data-end=\"1296\">14h<\/strong>, na <strong data-start=\"1301\" data-end=\"1359\">Escola Municipal do Campo Euclides Barbosa de Oliveira<\/strong>.<\/p>\n<p data-start=\"1362\" data-end=\"1701\">Os candidatos aprovados ter\u00e3o direito a <strong data-start=\"1402\" data-end=\"1419\">bolsa est\u00e1gio<\/strong>, sendo o valor de <strong data-start=\"1438\" data-end=\"1483\">R$ 490,00 para estudantes do Ensino M\u00e9dio<\/strong> e <strong data-start=\"1486\" data-end=\"1534\">R$ 990,00 para estudantes do Ensino Superior<\/strong>, ambos com carga hor\u00e1ria de 4 horas di\u00e1rias. O resultado final ser\u00e1 divulgado no <strong data-start=\"1637\" data-end=\"1668\">Di\u00e1rio Oficial do Munic\u00edpio<\/strong> e no site oficial da Prefeitura.<\/p>\n<p data-start=\"1703\" data-end=\"1925\" data-is-last-node=\"\" data-is-only-node=\"\">A administra\u00e7\u00e3o municipal refor\u00e7a que os interessados devem ler atentamente o edital completo, dispon\u00edvel no site <strong data-start=\"1817\" data-end=\"1851\"><a class=\"decorated-link\" href=\"http:\/\/www.santanadoitarare.pr.gov.br\" target=\"_new\" rel=\"noopener\" data-start=\"1819\" data-end=\"1849\">www.santanadoitarare.pr.gov.br<\/a><\/strong>, para conhecer todos os requisitos, prazos e regras do processo seletivo.<\/p>\n","protected":false},"excerpt":{"rendered":"<p>A Prefeitura Municipal de Santana do Itarar\u00e9 publicou o Edital n\u00ba 001\/2026, que regulamenta a abertura do Processo Seletivo para&#46;&#46;&#46;<\/p>\n","protected":false},"author":3,"featured_media":12288,"comment_status":"closed","ping_status":"closed","sticky":false,"template":"","format":"standard","meta":{"footnotes":""},"categories":[41,25],"tags":[],"class_list":["post-12287","post","type-post","status-publish","format-standard","has-post-thumbnail","hentry","category-capa","category-c18-destaques"],"_links":{"self":[{"href":"https:\/\/www.santanadoitarare.pr.gov.br\/portal\/wp-json\/wp\/v2\/posts\/12287","targetHints":{"allow":["GET"]}}],"collection":[{"href":"https:\/\/www.santanadoitarare.pr.gov.br\/portal\/wp-json\/wp\/v2\/posts"}],"about":[{"href":"https:\/\/www.santanadoitarare.pr.gov.br\/portal\/wp-json\/wp\/v2\/types\/post"}],"author":[{"embeddable":true,"href":"https:\/\/www.santanadoitarare.pr.gov.br\/portal\/wp-json\/wp\/v2\/users\/3"}],"replies":[{"embeddable":true,"href":"https:\/\/www.santanadoitarare.pr.gov.br\/portal\/wp-json\/wp\/v2\/comments?post=12287"}],"version-history":[{"count":1,"href":"https:\/\/www.santanadoitarare.pr.gov.br\/portal\/wp-json\/wp\/v2\/posts\/12287\/revisions"}],"predecessor-version":[{"id":12290,"href":"https:\/\/www.santanadoitarare.pr.gov.br\/portal\/wp-json\/wp\/v2\/posts\/12287\/revisions\/12290"}],"wp:featuredmedia":[{"embeddable":true,"href":"https:\/\/www.santanadoitarare.pr.gov.br\/portal\/wp-json\/wp\/v2\/media\/12288"}],"wp:attachment":[{"href":"https:\/\/www.santanadoitarare.pr.gov.br\/portal\/wp-json\/wp\/v2\/media?parent=12287"}],"wp:term":[{"taxonomy":"category","embeddable":true,"href":"https:\/\/www.santanadoitarare.pr.gov.br\/portal\/wp-json\/wp\/v2\/categories?post=12287"},{"taxonomy":"post_tag","embeddable":true,"href":"https:\/\/www.santanadoitarare.pr.gov.br\/portal\/wp-json\/wp\/v2\/tags?post=12287"}],"curies":[{"name":"wp","href":"https:\/\/api.w.org\/{rel}","templated":true}]}}