{"id":12291,"date":"2026-01-22T16:01:59","date_gmt":"2026-01-22T19:01:59","guid":{"rendered":"https:\/\/www.santanadoitarare.pr.gov.br\/portal\/?p=12291"},"modified":"2026-01-22T16:02:27","modified_gmt":"2026-01-22T19:02:27","slug":"12291-2","status":"publish","type":"post","link":"https:\/\/www.santanadoitarare.pr.gov.br\/portal\/12291-2\/","title":{"rendered":"SANTANA DO ITARAR\u00c9 RECEBE VISITA DO DEPUTADO LUIZ CL\u00c1UDIO ROMANELLI"},"content":{"rendered":"<p>O munic\u00edpio de Santana do Itarar\u00e9 recebeu, nesta data, a visita do deputado estadual Luiz Cl\u00e1udio Romanelli, importante parceiro da cidade e grande apoiador do desenvolvimento local. Ao longo dos \u00faltimos anos, o deputado tem destinado emendas parlamentares para diversas \u00e1reas do munic\u00edpio, contemplando setores como sa\u00fade, infraestrutura urbana, obras p\u00fablicas, pavimenta\u00e7\u00e3o e melhorias de ruas e cal\u00e7amentos, contribuindo diretamente para a qualidade de vida da popula\u00e7\u00e3o.<\/p>\n<p>Reconhecido como um grande amigo de Santana do Itarar\u00e9 e parceiro pr\u00f3ximo do vice-prefeito Jo\u00e1s Michetti e do prefeito Cal\u00e9 Vidal, o deputado Romanelli demonstra um olhar atento, carinhoso e comprometido com as necessidades do munic\u00edpio. Durante a visita, destacou seu carinho pela cidade e refor\u00e7ou a import\u00e2ncia de estar cada vez mais pr\u00f3ximo da popula\u00e7\u00e3o santanense.<\/p>\n<p>Este ano, Santana do Itarar\u00e9 foi o primeiro munic\u00edpio visitado pelo deputado em sua agenda oficial, fato que refor\u00e7a o respeito, a considera\u00e7\u00e3o e a prioridade que o parlamentar dedica \u00e0 cidade.<\/p>\n<p>Al\u00e9m disso, o deputado afirmou que novas emendas, investimentos e importantes surpresas ainda est\u00e3o previstas para serem destinadas ao munic\u00edpio, fortalecendo ainda mais essa parceria.<\/p>\n<p>A Administra\u00e7\u00e3o Municipal agradece ao deputado Luiz Cl\u00e1udio Romanelli pelo companheirismo, pelo apoio constante e pela forma respeitosa e atenciosa com que sempre recebe o prefeito Cal\u00e9 Vidal e o vice-prefeito Jo\u00e1s Michetti em seu gabinete, reafirmando o compromisso conjunto com o desenvolvimento de Santana do Itarar\u00e9 e o bem-estar de sua popula\u00e7\u00e3o.<\/p>\n<p>&nbsp;<\/p>\n<p>Fotos:<\/p>\n\n    \n            <div style=\"overflow: hidden;\">\n            <a class=\"pn_fancybox fancybox_69f2d117adc2f\" rel=\"gallery_69f2d117adc2f\" href=\"http:\/\/www.santanadoitarare.pr.gov.br\/portal\/wp-content\/uploads\/2026\/01\/IMG-20260122-WA0002.jpg\" title=\"\"><img decoding=\"async\" style=\"margin: 0 0 10px 10px !important;border-radius:2px !important;box-shadow:0 1px 4px rgba(0, 0, 0, 0.2) !important;\" src=\"http:\/\/www.santanadoitarare.pr.gov.br\/portal\/wp-content\/uploads\/2026\/01\/IMG-20260122-WA0002-200x140.jpg\" alt=\"\" \/><\/a><a class=\"pn_fancybox fancybox_69f2d117adc2f\" rel=\"gallery_69f2d117adc2f\" href=\"http:\/\/www.santanadoitarare.pr.gov.br\/portal\/wp-content\/uploads\/2026\/01\/IMG_7563-scaled.jpg\" title=\"\"><img decoding=\"async\" style=\"margin: 0 0 10px 10px !important;border-radius:2px !important;box-shadow:0 1px 4px rgba(0, 0, 0, 0.2) !important;\" src=\"http:\/\/www.santanadoitarare.pr.gov.br\/portal\/wp-content\/uploads\/2026\/01\/IMG_7563-scaled-200x140.jpg\" alt=\"\" \/><\/a><a class=\"pn_fancybox fancybox_69f2d117adc2f\" rel=\"gallery_69f2d117adc2f\" href=\"http:\/\/www.santanadoitarare.pr.gov.br\/portal\/wp-content\/uploads\/2026\/01\/IMG_7557-scaled.jpg\" title=\"\"><img decoding=\"async\" style=\"margin: 0 0 10px 10px !important;border-radius:2px !important;box-shadow:0 1px 4px rgba(0, 0, 0, 0.2) !important;\" src=\"http:\/\/www.santanadoitarare.pr.gov.br\/portal\/wp-content\/uploads\/2026\/01\/IMG_7557-scaled-200x140.jpg\" alt=\"\" \/><\/a><a class=\"pn_fancybox fancybox_69f2d117adc2f\" rel=\"gallery_69f2d117adc2f\" href=\"http:\/\/www.santanadoitarare.pr.gov.br\/portal\/wp-content\/uploads\/2026\/01\/IMG_7555-scaled.jpg\" title=\"\"><img decoding=\"async\" style=\"margin: 0 0 10px 10px !important;border-radius:2px !important;box-shadow:0 1px 4px rgba(0, 0, 0, 0.2) !important;\" src=\"http:\/\/www.santanadoitarare.pr.gov.br\/portal\/wp-content\/uploads\/2026\/01\/IMG_7555-scaled-200x140.jpg\" alt=\"\" \/><\/a><a class=\"pn_fancybox fancybox_69f2d117adc2f\" rel=\"gallery_69f2d117adc2f\" href=\"http:\/\/www.santanadoitarare.pr.gov.br\/portal\/wp-content\/uploads\/2026\/01\/IMG_7554-scaled.jpg\" title=\"\"><img decoding=\"async\" style=\"margin: 0 0 10px 10px !important;border-radius:2px !important;box-shadow:0 1px 4px rgba(0, 0, 0, 0.2) !important;\" src=\"http:\/\/www.santanadoitarare.pr.gov.br\/portal\/wp-content\/uploads\/2026\/01\/IMG_7554-scaled-200x140.jpg\" alt=\"\" \/><\/a><a class=\"pn_fancybox fancybox_69f2d117adc2f\" rel=\"gallery_69f2d117adc2f\" href=\"http:\/\/www.santanadoitarare.pr.gov.br\/portal\/wp-content\/uploads\/2026\/01\/IMG_7547-scaled.jpg\" title=\"\"><img decoding=\"async\" style=\"margin: 0 0 10px 10px !important;border-radius:2px !important;box-shadow:0 1px 4px rgba(0, 0, 0, 0.2) !important;\" src=\"http:\/\/www.santanadoitarare.pr.gov.br\/portal\/wp-content\/uploads\/2026\/01\/IMG_7547-scaled-200x140.jpg\" alt=\"\" \/><\/a><a class=\"pn_fancybox fancybox_69f2d117adc2f\" rel=\"gallery_69f2d117adc2f\" href=\"http:\/\/www.santanadoitarare.pr.gov.br\/portal\/wp-content\/uploads\/2026\/01\/IMG_7545-scaled.jpg\" title=\"\"><img decoding=\"async\" style=\"margin: 0 0 10px 10px !important;border-radius:2px !important;box-shadow:0 1px 4px rgba(0, 0, 0, 0.2) !important;\" src=\"http:\/\/www.santanadoitarare.pr.gov.br\/portal\/wp-content\/uploads\/2026\/01\/IMG_7545-scaled-200x140.jpg\" alt=\"\" \/><\/a><a class=\"pn_fancybox fancybox_69f2d117adc2f\" rel=\"gallery_69f2d117adc2f\" href=\"http:\/\/www.santanadoitarare.pr.gov.br\/portal\/wp-content\/uploads\/2026\/01\/IMG_7544-scaled.jpg\" title=\"\"><img decoding=\"async\" style=\"margin: 0 0 10px 10px !important;border-radius:2px !important;box-shadow:0 1px 4px rgba(0, 0, 0, 0.2) !important;\" src=\"http:\/\/www.santanadoitarare.pr.gov.br\/portal\/wp-content\/uploads\/2026\/01\/IMG_7544-scaled-200x140.jpg\" alt=\"\" \/><\/a><a class=\"pn_fancybox fancybox_69f2d117adc2f\" rel=\"gallery_69f2d117adc2f\" href=\"http:\/\/www.santanadoitarare.pr.gov.br\/portal\/wp-content\/uploads\/2026\/01\/IMG_7540-scaled.jpg\" title=\"\"><img decoding=\"async\" style=\"margin: 0 0 10px 10px !important;border-radius:2px !important;box-shadow:0 1px 4px rgba(0, 0, 0, 0.2) !important;\" src=\"http:\/\/www.santanadoitarare.pr.gov.br\/portal\/wp-content\/uploads\/2026\/01\/IMG_7540-scaled-200x140.jpg\" alt=\"\" \/><\/a><a class=\"pn_fancybox fancybox_69f2d117adc2f\" rel=\"gallery_69f2d117adc2f\" href=\"http:\/\/www.santanadoitarare.pr.gov.br\/portal\/wp-content\/uploads\/2026\/01\/IMG_7539-scaled.jpg\" title=\"\"><img decoding=\"async\" style=\"margin: 0 0 10px 10px !important;border-radius:2px !important;box-shadow:0 1px 4px rgba(0, 0, 0, 0.2) !important;\" src=\"http:\/\/www.santanadoitarare.pr.gov.br\/portal\/wp-content\/uploads\/2026\/01\/IMG_7539-scaled-200x140.jpg\" alt=\"\" \/><\/a><a class=\"pn_fancybox fancybox_69f2d117adc2f\" rel=\"gallery_69f2d117adc2f\" href=\"http:\/\/www.santanadoitarare.pr.gov.br\/portal\/wp-content\/uploads\/2026\/01\/IMG_7537-scaled.jpg\" title=\"\"><img decoding=\"async\" style=\"margin: 0 0 10px 10px !important;border-radius:2px !important;box-shadow:0 1px 4px rgba(0, 0, 0, 0.2) !important;\" src=\"http:\/\/www.santanadoitarare.pr.gov.br\/portal\/wp-content\/uploads\/2026\/01\/IMG_7537-scaled-200x140.jpg\" alt=\"\" \/><\/a><a class=\"pn_fancybox fancybox_69f2d117adc2f\" rel=\"gallery_69f2d117adc2f\" href=\"http:\/\/www.santanadoitarare.pr.gov.br\/portal\/wp-content\/uploads\/2026\/01\/IMG_7533-scaled.jpg\" title=\"\"><img decoding=\"async\" style=\"margin: 0 0 10px 10px !important;border-radius:2px !important;box-shadow:0 1px 4px rgba(0, 0, 0, 0.2) !important;\" src=\"http:\/\/www.santanadoitarare.pr.gov.br\/portal\/wp-content\/uploads\/2026\/01\/IMG_7533-scaled-200x140.jpg\" alt=\"\" \/><\/a><a class=\"pn_fancybox fancybox_69f2d117adc2f\" rel=\"gallery_69f2d117adc2f\" href=\"http:\/\/www.santanadoitarare.pr.gov.br\/portal\/wp-content\/uploads\/2026\/01\/IMG_7531-scaled.jpg\" title=\"\"><img decoding=\"async\" style=\"margin: 0 0 10px 10px !important;border-radius:2px !important;box-shadow:0 1px 4px rgba(0, 0, 0, 0.2) !important;\" src=\"http:\/\/www.santanadoitarare.pr.gov.br\/portal\/wp-content\/uploads\/2026\/01\/IMG_7531-scaled-200x140.jpg\" alt=\"\" \/><\/a><a class=\"pn_fancybox fancybox_69f2d117adc2f\" rel=\"gallery_69f2d117adc2f\" href=\"http:\/\/www.santanadoitarare.pr.gov.br\/portal\/wp-content\/uploads\/2026\/01\/IMG_7528-scaled.jpg\" title=\"\"><img decoding=\"async\" style=\"margin: 0 0 10px 10px !important;border-radius:2px !important;box-shadow:0 1px 4px rgba(0, 0, 0, 0.2) !important;\" src=\"http:\/\/www.santanadoitarare.pr.gov.br\/portal\/wp-content\/uploads\/2026\/01\/IMG_7528-scaled-200x140.jpg\" alt=\"\" \/><\/a><a class=\"pn_fancybox fancybox_69f2d117adc2f\" rel=\"gallery_69f2d117adc2f\" href=\"http:\/\/www.santanadoitarare.pr.gov.br\/portal\/wp-content\/uploads\/2026\/01\/IMG_7525-scaled.jpg\" title=\"\"><img decoding=\"async\" style=\"margin: 0 0 10px 10px !important;border-radius:2px !important;box-shadow:0 1px 4px rgba(0, 0, 0, 0.2) !important;\" src=\"http:\/\/www.santanadoitarare.pr.gov.br\/portal\/wp-content\/uploads\/2026\/01\/IMG_7525-scaled-200x140.jpg\" alt=\"\" \/><\/a><a class=\"pn_fancybox fancybox_69f2d117adc2f\" rel=\"gallery_69f2d117adc2f\" href=\"http:\/\/www.santanadoitarare.pr.gov.br\/portal\/wp-content\/uploads\/2026\/01\/IMG_7523-scaled.jpg\" title=\"\"><img decoding=\"async\" style=\"margin: 0 0 10px 10px !important;border-radius:2px !important;box-shadow:0 1px 4px rgba(0, 0, 0, 0.2) !important;\" src=\"http:\/\/www.santanadoitarare.pr.gov.br\/portal\/wp-content\/uploads\/2026\/01\/IMG_7523-scaled-200x140.jpg\" alt=\"\" \/><\/a><a class=\"pn_fancybox fancybox_69f2d117adc2f\" rel=\"gallery_69f2d117adc2f\" href=\"http:\/\/www.santanadoitarare.pr.gov.br\/portal\/wp-content\/uploads\/2026\/01\/IMG_7522-scaled.jpg\" title=\"\"><img decoding=\"async\" style=\"margin: 0 0 10px 10px !important;border-radius:2px !important;box-shadow:0 1px 4px rgba(0, 0, 0, 0.2) !important;\" src=\"http:\/\/www.santanadoitarare.pr.gov.br\/portal\/wp-content\/uploads\/2026\/01\/IMG_7522-scaled-200x140.jpg\" alt=\"\" \/><\/a><a class=\"pn_fancybox fancybox_69f2d117adc2f\" rel=\"gallery_69f2d117adc2f\" href=\"http:\/\/www.santanadoitarare.pr.gov.br\/portal\/wp-content\/uploads\/2026\/01\/IMG_7521-scaled.jpg\" title=\"\"><img decoding=\"async\" style=\"margin: 0 0 10px 10px !important;border-radius:2px !important;box-shadow:0 1px 4px rgba(0, 0, 0, 0.2) !important;\" src=\"http:\/\/www.santanadoitarare.pr.gov.br\/portal\/wp-content\/uploads\/2026\/01\/IMG_7521-scaled-200x140.jpg\" alt=\"\" \/><\/a>        <\/div>\n    \n\n    <script type=\"text\/javascript\">\n        jQuery(document).ready(function() {\n            jQuery(\".fancybox_69f2d117adc2f\").fancybox({\n                openEffect: 'elastic',\n                closeEffect: 'elastic',\n                padding: 0\n            });\n        });\n    <\/script>\n\n\n","protected":false},"excerpt":{"rendered":"<p>O munic\u00edpio de Santana do Itarar\u00e9 recebeu, nesta data, a visita do deputado estadual Luiz Cl\u00e1udio Romanelli, importante parceiro da&#46;&#46;&#46;<\/p>\n","protected":false},"author":3,"featured_media":12319,"comment_status":"closed","ping_status":"closed","sticky":false,"template":"","format":"standard","meta":{"footnotes":""},"categories":[41,40,25],"tags":[],"class_list":["post-12291","post","type-post","status-publish","format-standard","has-post-thumbnail","hentry","category-capa","category-especial-2","category-c18-destaques"],"_links":{"self":[{"href":"https:\/\/www.santanadoitarare.pr.gov.br\/portal\/wp-json\/wp\/v2\/posts\/12291","targetHints":{"allow":["GET"]}}],"collection":[{"href":"https:\/\/www.santanadoitarare.pr.gov.br\/portal\/wp-json\/wp\/v2\/posts"}],"about":[{"href":"https:\/\/www.santanadoitarare.pr.gov.br\/portal\/wp-json\/wp\/v2\/types\/post"}],"author":[{"embeddable":true,"href":"https:\/\/www.santanadoitarare.pr.gov.br\/portal\/wp-json\/wp\/v2\/users\/3"}],"replies":[{"embeddable":true,"href":"https:\/\/www.santanadoitarare.pr.gov.br\/portal\/wp-json\/wp\/v2\/comments?post=12291"}],"version-history":[{"count":2,"href":"https:\/\/www.santanadoitarare.pr.gov.br\/portal\/wp-json\/wp\/v2\/posts\/12291\/revisions"}],"predecessor-version":[{"id":12324,"href":"https:\/\/www.santanadoitarare.pr.gov.br\/portal\/wp-json\/wp\/v2\/posts\/12291\/revisions\/12324"}],"wp:featuredmedia":[{"embeddable":true,"href":"https:\/\/www.santanadoitarare.pr.gov.br\/portal\/wp-json\/wp\/v2\/media\/12319"}],"wp:attachment":[{"href":"https:\/\/www.santanadoitarare.pr.gov.br\/portal\/wp-json\/wp\/v2\/media?parent=12291"}],"wp:term":[{"taxonomy":"category","embeddable":true,"href":"https:\/\/www.santanadoitarare.pr.gov.br\/portal\/wp-json\/wp\/v2\/categories?post=12291"},{"taxonomy":"post_tag","embeddable":true,"href":"https:\/\/www.santanadoitarare.pr.gov.br\/portal\/wp-json\/wp\/v2\/tags?post=12291"}],"curies":[{"name":"wp","href":"https:\/\/api.w.org\/{rel}","templated":true}]}}