{"id":4197,"date":"2017-10-26T09:15:28","date_gmt":"2017-10-26T11:15:28","guid":{"rendered":"http:\/\/www.santanadoitarare.pr.gov.br\/portal\/?p=4197"},"modified":"2023-07-19T10:21:48","modified_gmt":"2023-07-19T13:21:48","slug":"feira-do-produtor-rural-marca-os-56-anos-de-santana-do-itarare","status":"publish","type":"post","link":"https:\/\/www.santanadoitarare.pr.gov.br\/portal\/feira-do-produtor-rural-marca-os-56-anos-de-santana-do-itarare\/","title":{"rendered":"Feira do Produtor Rural 2017, marca os 56 anos de Santana do Itarar\u00e9"},"content":{"rendered":"<p><img loading=\"lazy\" decoding=\"async\" class=\"size-full wp-image-4203 aligncenter\" src=\"http:\/\/www.santanadoitarare.pr.gov.br\/portal\/wp-content\/uploads\/2017\/10\/capa.jpg\" alt=\"\" width=\"770\" height=\"403\" srcset=\"https:\/\/www.santanadoitarare.pr.gov.br\/portal\/wp-content\/uploads\/2017\/10\/capa.jpg 770w, https:\/\/www.santanadoitarare.pr.gov.br\/portal\/wp-content\/uploads\/2017\/10\/capa-300x157.jpg 300w, https:\/\/www.santanadoitarare.pr.gov.br\/portal\/wp-content\/uploads\/2017\/10\/capa-768x402.jpg 768w\" sizes=\"auto, (max-width: 770px) 100vw, 770px\" \/><\/p>\n<p style=\"text-align: justify;\"><span style=\"font-family: arial, helvetica, sans-serif;\">Mesmo fazendo uso consciente dos recursos financeiros, a Feira do Produtor Rural teve tudo que se esperava de uma grande feira agropecu\u00e1ria.\u00a0 Shows com duplas sertanejas e bandas, com destaque para a dupla sertaneja raiz Craveiro e Cravinho que se apresentaram no dia 19\/10 \u00e0s 21h.\u00a0 Palestras t\u00e9cnicas. Umas delas a mais esperada, \u00a0foi com o t\u00e9cnico e produtor Nivaldo Michetti (dia 19\/10 as 14h) que viaja o Brasil levando conhecimento, motiva\u00e7\u00e3o e esperan\u00e7a aos produtores de leite, principalmente em momentos de crise como que esta passando a setor. A Feira tamb\u00e9m contou com expositores de m\u00e1quinas e Implementos Agr\u00edcolas; tendas comerciais e de servi\u00e7os; amostra de Produtos Agroindustriais e agroecol\u00f3gicos; ampla pra\u00e7a de alimenta\u00e7\u00e3o totalmente coberta; voos de helic\u00f3ptero, \u00a0shows alternativo com talentos locais (Roda de Viola); parque e shows para crian\u00e7ada; mini-fazenda; cavalgada e ainda a exposi\u00e7\u00e3o das \u201cestrelas da feira\u201d as novilhas \u201chi-tec&#8221;: fruto do melhoramento gen\u00e9tico desenvolvido no munic\u00edpio via PIA \u2013 Programa de Insemina\u00e7\u00e3o artificial (Programa premiado com o trof\u00e9u Premio Gestor Publico Paran\u00e1 2016 \u2013 \u201cA mudan\u00e7a que vem do leite\u201d).<\/span><\/p>\n<p style=\"text-align: justify;\"><span style=\"font-family: arial, helvetica, sans-serif;\">Tudo isso com entrada franca num ambiente acolhedor, familiar e \u00f3tima infraestrutura com Internet wi-fi liberada para os 4 dias da Feira.<\/span><\/p>\n<p style=\"text-align: justify;\"><span style=\"font-family: arial, helvetica, sans-serif;\">Foi assim, que Santana do Itarar\u00e9 comemorou seus 56 anos de emancipa\u00e7\u00e3o pol\u00edtica, inovando e realizando um sonho antigo dos produtores rurais do munic\u00edpio.<\/span><\/p>\n<p><iframe loading=\"lazy\" src=\"https:\/\/www.youtube.com\/embed\/RJfnM_PP1T4\" width=\"560\" height=\"315\" frameborder=\"0\" allowfullscreen=\"allowfullscreen\"><\/iframe><\/p>\n<p style=\"text-align: justify;\"><span style=\"font-family: arial, helvetica, sans-serif;\">A abertura da feira foi realizada durante a manh\u00e3 do dia 19, onde o prefeito Jo\u00e1s Michetti, o vice prefeito Ismair de Souza e o presidente da Feira Leomar Melo Martins receberam no palco principal do evento os deputados estaduais Marcio Pauliki, Pedro Lupion e Luiz Claudio Romanelli, o prefeito de Salto do Itarar\u00e9 Paulo S\u00e9rgio Fragoso da Silva (Paulinho Carij\u00f3), os vereadores Marcio Gomes (Presidente da C\u00e2mara), Carlos Alberto (Carl\u00e3o da R\u00e1dio), Jos\u00e9 Maria Gonzaga (Z\u00e9 Coelho), Ac\u00e1cio Cunha, Marcos Vinicius (Marquinho da Dra Adriana), Jair Maia, Gilson Pereira (Gilsinho Egidio), Aguinaldo Palmonari e Jos\u00e9 Devalmir (Coquinho) e os ex-prefeitos Z\u00e9 Izac e \u00c9d\u00e3o (Barra do Jacar\u00e9).<\/span><\/p>\n<p style=\"text-align: justify;\"><span style=\"font-family: arial, helvetica, sans-serif;\">Tamb\u00e9m estiveram no palco o presidente geral do Detran\/PR Marcos Traad e diversas autoridades representando \u00f3rg\u00e3os como Pol\u00edcia Militar, Banco do Brasil, Sicredi, Sanepar, Copel, BRDE, Emater entre outras. O deputado Toninho Wandscheer n\u00e3o esteve presente no evento, mas Jo\u00e1s agradeceu o apoio do deputado que disponibilizou caminh\u00e3o de som que percorreu a regi\u00e3o divulgando o evento.<\/span><\/p>\n<p style=\"text-align: justify;\"><span style=\"font-family: arial, helvetica, sans-serif;\">O prefeito Jo\u00e1s oficializou a abertura da feira dizendo: \u00a0\u201cHoje \u00e9 um dia hist\u00f3rico que ficar\u00e1 marcado na hist\u00f3ria do munic\u00edpio. Estou muito emocionado que \u00e9 at\u00e9 dif\u00edcil achar as palavras para expressar a nossa alegria, a nossa emo\u00e7\u00e3o. Quero agradecer a todos que est\u00e3o aqui presentes, todos. \u00a0Em especial ao meu vice Ismair e a sua espoca Neri pela parceria. Ele n\u00e3o mede esfor\u00e7os hora nenhuma para estar me aconselhando, porque eu tenho um parceiro um vice que me aconselha, que trabalha junto. Porque administrar \u00e9 uma loucura, e se voc\u00ea n\u00e3o tiver um parceiro a altura do meu vice, confesso, seria muito dif\u00edcil. E tamb\u00e9m agradecer ao nosso presidente da comiss\u00e3o organizadora da feira o meu amigo e produtor rural Leomar e aos deputados que est\u00e3o aqui presentes, parceiros que n\u00e3o medem esfor\u00e7os para ajudar o munic\u00edpio.\u00a0 E tamb\u00e9m a todos que est\u00e3o fazendo essa feira acontecer\u201d, discursou.<\/span><\/p>\n<p style=\"text-align: justify;\"><span style=\"font-family: arial, helvetica, sans-serif;\">O presidente da Feira o produtor de leite Leomar Melo Martins em seu pronunciamento, lembrou que o setor l\u00e1cteo esta passando por uma s\u00e9rie de mudan\u00e7as que tem contribu\u00eddo para queda do pre\u00e7o do leite ao produtor, principalmente, a importa\u00e7\u00e3o vinda dos pa\u00edses do conesul (Argentina e Uruguai),e pediu aos deputados que olhem com carinho para a situa\u00e7\u00e3o e encontrem meios para barrar a importa\u00e7\u00e3o desleal que tanto esta prejudicando os produtores no Brasil.<\/span><\/p>\n<p style=\"text-align: justify;\"><span style=\"font-family: arial, helvetica, sans-serif;\">Para o secret\u00e1rio municipal da agricultura, Valter Patriarca a Feira do Produtor Rural teve o objetivo de mostrar a tradi\u00e7\u00e3o agr\u00edcola do munic\u00edpio e sua import\u00e2ncia econ\u00f4mica para o desenvolvimento local e regional.<\/span><\/p>\n<p style=\"text-align: justify;\"><span style=\"font-family: arial, helvetica, sans-serif;\">O t\u00e9cnico da Emater, Jos\u00e9 Carlos Vidal, lembra que Santana do Itarar\u00e9 produz muita soja, milho, feij\u00e3o e tem historia na produ\u00e7\u00e3o de banana. H\u00e1 mais de meio s\u00e9culo que o munic\u00edpio \u00e9 um tradicional produtor de banana. Al\u00e9m, da banana o munic\u00edpio produz morango, maracuj\u00e1, abacaxi e \u00e9 o segundo maior produtor de caqui do Estado do Paran\u00e1. \u00a0O resultado do crescimento da fruticultura\u00a0 fez com que duas processadoras de polpa se instalassem no munic\u00edpio, gerando empregos e incentivo para os produtores investirem na produ\u00e7\u00e3o de frutas. Outro destaque \u00e9 produ\u00e7\u00e3o de mandioca que vem ano a ano ganhando espa\u00e7o, gra\u00e7as a instala\u00e7\u00e3o de uma tradicional fabrica de polvilho que opera a todo vapor desde 2010 no munic\u00edpio.<\/span><\/p>\n<p style=\"text-align: justify;\"><span style=\"font-family: arial, helvetica, sans-serif;\">Mas, o grande diferencial, destaca o secret\u00e1rio da agricultura, \u00a0fica por conta da produ\u00e7\u00e3o de leite. Santana do Itarar\u00e9 \u00e9 uma tradicional bacia leiteira formada por pequenos produtores que se tornaram referencia nacional e internacional na produ\u00e7\u00e3o de leite de alta qualidade em pequenas propriedades. O modelo de produ\u00e7\u00e3o adotado pelos produtores pastejo rotacionado no ver\u00e3o e silagem de milho e\/ou cana e ureia no inverno; somado os cuidados com o solo com o uso do cocho tren\u00f3 para alimenta\u00e7\u00e3o do rebanho; a qualidade do leite e o uso de instala\u00e7\u00f5es simples, mas funcionais e uso de m\u00e3o de obra familiar para tocar a atividade. O sistema foi considerado pela empresa holandesa Lely Innovators in Agriculture em 2009\u00a0 como futurista e economicamente perfeito para as pequenas propriedades, uma fez que a produ\u00e7\u00e3o se faz em harmonia com meio ambiente, proporcionando o conforto aos animais que s\u00e3o criados ao ar livre.<\/span><\/p>\n<p style=\"text-align: justify;\"><span style=\"font-family: arial, helvetica, sans-serif;\">Considerando a import\u00e2ncia do setor para o desenvolvimento do Munic\u00edpio, Produtores e Prefeitura se uniram para lan\u00e7ar a primeira edi\u00e7\u00e3o da t\u00e3o \u201csonhada\u201d Feira do Produtor Rural.<\/span><\/p>\n<p style=\"text-align: justify;\"><span style=\"font-family: arial, helvetica, sans-serif;\">O prefeito Jo\u00e1s falou sobre as expectativas para realiza\u00e7\u00e3o da segunda edi\u00e7\u00e3o da feira que j\u00e1 tem data marcada para 6, 7, 8 e 9 de setembro de 2018. \u201cO resultado foi surpreendente. Nosso projeto deu certo, conseguimos apoios\/patroc\u00ednios importantes da Sanepar, Copel, BRDE e Sicredi; grandes marcas acreditaram e vieram expor seus produtos, m\u00e1quinas e implementos. Todo esse apoio resultou no sucesso que foi a feira. Ano que vem, com certeza, a nossa feira vai ser ainda maior e melhor com a participa\u00e7\u00e3o de toda a popula\u00e7\u00e3o rural e urbana, dos produtores n\u00e3o s\u00f3 de leite, mas de gado de corte, dos fruticultores e dos produtores de gr\u00e3os. Com certeza vamos repetir o sucesso.\u201d<\/span><\/p>\n<p style=\"text-align: justify;\"><span style=\"font-family: arial, helvetica, sans-serif;\">O prefeito Jo\u00e1s, o vice prefeito Ismair, \u00a0o presidente da Feira Leomar, o presidente da AAFAS &#8211; Associa\u00e7\u00e3o dos Agricultores Familiares de Santana Ricardo de Jesus Queiroz (grande parceiro da feira) agradecem aos produtores expositores; as empresas patrocinadoras; as empresas expositoras; a toda equipe que atuo no evento; aos visitantes que prestigiaram o evento e tamb\u00e9m manifestam um agradecimento especial ao p\u00e1roco Padre H\u00e9dio pela bela emocionante missa sertaneja celebrada no domingo (22\/10) de manh\u00e3 na igreja matriz.<\/span><\/p>\n<p><span style=\"font-family: arial, helvetica, sans-serif;\">Fonte: Secretaria Municipal da Agricultura e Pecu\u00e1ria &#8211; SEAGRI<\/span><\/p>\n\n    \n            <div style=\"overflow: hidden;\">\n            <a class=\"pn_fancybox fancybox_69f12bc174330\" rel=\"gallery_69f12bc174330\" href=\"http:\/\/www.santanadoitarare.pr.gov.br\/portal\/wp-content\/uploads\/2017\/10\/22195596_1497789836955577_5248950381219356758_n.jpg\" title=\"\"><img decoding=\"async\" style=\"margin: 0 0 10px 10px !important;border-radius:2px !important;box-shadow:0 1px 4px rgba(0, 0, 0, 0.2) !important;\" src=\"http:\/\/www.santanadoitarare.pr.gov.br\/portal\/wp-content\/uploads\/2017\/10\/22195596_1497789836955577_5248950381219356758_n-190x140.jpg\" alt=\"\" \/><\/a><a class=\"pn_fancybox fancybox_69f12bc174330\" rel=\"gallery_69f12bc174330\" href=\"http:\/\/www.santanadoitarare.pr.gov.br\/portal\/wp-content\/uploads\/2017\/10\/22489708_1510281939039700_7654760760854930565_n.jpg\" title=\"\"><img decoding=\"async\" style=\"margin: 0 0 10px 10px !important;border-radius:2px !important;box-shadow:0 1px 4px rgba(0, 0, 0, 0.2) !important;\" src=\"http:\/\/www.santanadoitarare.pr.gov.br\/portal\/wp-content\/uploads\/2017\/10\/22489708_1510281939039700_7654760760854930565_n-190x140.jpg\" alt=\"\" \/><\/a><a class=\"pn_fancybox fancybox_69f12bc174330\" rel=\"gallery_69f12bc174330\" href=\"http:\/\/www.santanadoitarare.pr.gov.br\/portal\/wp-content\/uploads\/2017\/10\/22519092_1510104852390742_6521927228412104194_n.jpg\" title=\"\"><img decoding=\"async\" style=\"margin: 0 0 10px 10px !important;border-radius:2px !important;box-shadow:0 1px 4px rgba(0, 0, 0, 0.2) !important;\" src=\"http:\/\/www.santanadoitarare.pr.gov.br\/portal\/wp-content\/uploads\/2017\/10\/22519092_1510104852390742_6521927228412104194_n-190x140.jpg\" alt=\"\" \/><\/a><a class=\"pn_fancybox fancybox_69f12bc174330\" rel=\"gallery_69f12bc174330\" href=\"http:\/\/www.santanadoitarare.pr.gov.br\/portal\/wp-content\/uploads\/2017\/10\/22528140_1510104252390802_7892385687831695098_n.jpg\" title=\"\"><img decoding=\"async\" style=\"margin: 0 0 10px 10px !important;border-radius:2px !important;box-shadow:0 1px 4px rgba(0, 0, 0, 0.2) !important;\" src=\"http:\/\/www.santanadoitarare.pr.gov.br\/portal\/wp-content\/uploads\/2017\/10\/22528140_1510104252390802_7892385687831695098_n-190x140.jpg\" alt=\"\" \/><\/a><a class=\"pn_fancybox fancybox_69f12bc174330\" rel=\"gallery_69f12bc174330\" href=\"http:\/\/www.santanadoitarare.pr.gov.br\/portal\/wp-content\/uploads\/2017\/10\/22528215_1510104929057401_4785812125228942704_n.jpg\" title=\"\"><img decoding=\"async\" style=\"margin: 0 0 10px 10px !important;border-radius:2px !important;box-shadow:0 1px 4px rgba(0, 0, 0, 0.2) !important;\" src=\"http:\/\/www.santanadoitarare.pr.gov.br\/portal\/wp-content\/uploads\/2017\/10\/22528215_1510104929057401_4785812125228942704_n-190x140.jpg\" alt=\"\" \/><\/a><a class=\"pn_fancybox fancybox_69f12bc174330\" rel=\"gallery_69f12bc174330\" href=\"http:\/\/www.santanadoitarare.pr.gov.br\/portal\/wp-content\/uploads\/2017\/10\/22528457_1510100179057876_1763125488491714069_n.jpg\" title=\"\"><img decoding=\"async\" style=\"margin: 0 0 10px 10px !important;border-radius:2px !important;box-shadow:0 1px 4px rgba(0, 0, 0, 0.2) !important;\" src=\"http:\/\/www.santanadoitarare.pr.gov.br\/portal\/wp-content\/uploads\/2017\/10\/22528457_1510100179057876_1763125488491714069_n-190x140.jpg\" alt=\"\" \/><\/a><a class=\"pn_fancybox fancybox_69f12bc174330\" rel=\"gallery_69f12bc174330\" href=\"http:\/\/www.santanadoitarare.pr.gov.br\/portal\/wp-content\/uploads\/2017\/10\/22528535_1510104595724101_892758157984913139_n.jpg\" title=\"\"><img decoding=\"async\" style=\"margin: 0 0 10px 10px !important;border-radius:2px !important;box-shadow:0 1px 4px rgba(0, 0, 0, 0.2) !important;\" src=\"http:\/\/www.santanadoitarare.pr.gov.br\/portal\/wp-content\/uploads\/2017\/10\/22528535_1510104595724101_892758157984913139_n-190x140.jpg\" alt=\"\" \/><\/a><a class=\"pn_fancybox fancybox_69f12bc174330\" rel=\"gallery_69f12bc174330\" href=\"http:\/\/www.santanadoitarare.pr.gov.br\/portal\/wp-content\/uploads\/2017\/10\/22539905_1511343765600184_5445642891423363184_n.jpg\" title=\"\"><img decoding=\"async\" style=\"margin: 0 0 10px 10px !important;border-radius:2px !important;box-shadow:0 1px 4px rgba(0, 0, 0, 0.2) !important;\" src=\"http:\/\/www.santanadoitarare.pr.gov.br\/portal\/wp-content\/uploads\/2017\/10\/22539905_1511343765600184_5445642891423363184_n-190x140.jpg\" alt=\"\" \/><\/a><a class=\"pn_fancybox fancybox_69f12bc174330\" rel=\"gallery_69f12bc174330\" href=\"http:\/\/www.santanadoitarare.pr.gov.br\/portal\/wp-content\/uploads\/2017\/10\/22539969_1511344545600106_6772782377690109990_n.jpg\" title=\"\"><img decoding=\"async\" style=\"margin: 0 0 10px 10px !important;border-radius:2px !important;box-shadow:0 1px 4px rgba(0, 0, 0, 0.2) !important;\" src=\"http:\/\/www.santanadoitarare.pr.gov.br\/portal\/wp-content\/uploads\/2017\/10\/22539969_1511344545600106_6772782377690109990_n-190x140.jpg\" alt=\"\" \/><\/a><a class=\"pn_fancybox fancybox_69f12bc174330\" rel=\"gallery_69f12bc174330\" href=\"http:\/\/www.santanadoitarare.pr.gov.br\/portal\/wp-content\/uploads\/2017\/10\/22540003_1510104672390760_7231555143550585253_n.jpg\" title=\"\"><img decoding=\"async\" style=\"margin: 0 0 10px 10px !important;border-radius:2px !important;box-shadow:0 1px 4px rgba(0, 0, 0, 0.2) !important;\" src=\"http:\/\/www.santanadoitarare.pr.gov.br\/portal\/wp-content\/uploads\/2017\/10\/22540003_1510104672390760_7231555143550585253_n-190x140.jpg\" alt=\"\" \/><\/a><a class=\"pn_fancybox fancybox_69f12bc174330\" rel=\"gallery_69f12bc174330\" href=\"http:\/\/www.santanadoitarare.pr.gov.br\/portal\/wp-content\/uploads\/2017\/10\/22540076_1510104635724097_7162946070668935712_n.jpg\" title=\"\"><img decoding=\"async\" style=\"margin: 0 0 10px 10px !important;border-radius:2px !important;box-shadow:0 1px 4px rgba(0, 0, 0, 0.2) !important;\" src=\"http:\/\/www.santanadoitarare.pr.gov.br\/portal\/wp-content\/uploads\/2017\/10\/22540076_1510104635724097_7162946070668935712_n-190x140.jpg\" alt=\"\" \/><\/a><a class=\"pn_fancybox fancybox_69f12bc174330\" rel=\"gallery_69f12bc174330\" href=\"http:\/\/www.santanadoitarare.pr.gov.br\/portal\/wp-content\/uploads\/2017\/10\/22540174_1510104369057457_7625884366836243441_n.jpg\" title=\"\"><img decoding=\"async\" style=\"margin: 0 0 10px 10px !important;border-radius:2px !important;box-shadow:0 1px 4px rgba(0, 0, 0, 0.2) !important;\" src=\"http:\/\/www.santanadoitarare.pr.gov.br\/portal\/wp-content\/uploads\/2017\/10\/22540174_1510104369057457_7625884366836243441_n-190x140.jpg\" alt=\"\" \/><\/a><a class=\"pn_fancybox fancybox_69f12bc174330\" rel=\"gallery_69f12bc174330\" href=\"http:\/\/www.santanadoitarare.pr.gov.br\/portal\/wp-content\/uploads\/2017\/10\/22549580_1511345305600030_2214750697257695582_n.jpg\" title=\"\"><img decoding=\"async\" style=\"margin: 0 0 10px 10px !important;border-radius:2px !important;box-shadow:0 1px 4px rgba(0, 0, 0, 0.2) !important;\" src=\"http:\/\/www.santanadoitarare.pr.gov.br\/portal\/wp-content\/uploads\/2017\/10\/22549580_1511345305600030_2214750697257695582_n-190x140.jpg\" alt=\"\" \/><\/a><a class=\"pn_fancybox fancybox_69f12bc174330\" rel=\"gallery_69f12bc174330\" href=\"http:\/\/www.santanadoitarare.pr.gov.br\/portal\/wp-content\/uploads\/2017\/10\/22549695_1510104842390743_6279310142475826522_n.jpg\" title=\"\"><img decoding=\"async\" style=\"margin: 0 0 10px 10px !important;border-radius:2px !important;box-shadow:0 1px 4px rgba(0, 0, 0, 0.2) !important;\" src=\"http:\/\/www.santanadoitarare.pr.gov.br\/portal\/wp-content\/uploads\/2017\/10\/22549695_1510104842390743_6279310142475826522_n-190x140.jpg\" alt=\"\" \/><\/a><a class=\"pn_fancybox fancybox_69f12bc174330\" rel=\"gallery_69f12bc174330\" href=\"http:\/\/www.santanadoitarare.pr.gov.br\/portal\/wp-content\/uploads\/2017\/10\/22552751_1510101625724398_5827033600241994839_n.jpg\" title=\"\"><img decoding=\"async\" style=\"margin: 0 0 10px 10px !important;border-radius:2px !important;box-shadow:0 1px 4px rgba(0, 0, 0, 0.2) !important;\" src=\"http:\/\/www.santanadoitarare.pr.gov.br\/portal\/wp-content\/uploads\/2017\/10\/22552751_1510101625724398_5827033600241994839_n-190x140.jpg\" alt=\"\" \/><\/a><a class=\"pn_fancybox fancybox_69f12bc174330\" rel=\"gallery_69f12bc174330\" href=\"http:\/\/www.santanadoitarare.pr.gov.br\/portal\/wp-content\/uploads\/2017\/10\/22554728_1511349765599584_6425325988179106312_n.jpg\" title=\"\"><img decoding=\"async\" style=\"margin: 0 0 10px 10px !important;border-radius:2px !important;box-shadow:0 1px 4px rgba(0, 0, 0, 0.2) !important;\" src=\"http:\/\/www.santanadoitarare.pr.gov.br\/portal\/wp-content\/uploads\/2017\/10\/22554728_1511349765599584_6425325988179106312_n-190x140.jpg\" alt=\"\" \/><\/a><a class=\"pn_fancybox fancybox_69f12bc174330\" rel=\"gallery_69f12bc174330\" href=\"http:\/\/www.santanadoitarare.pr.gov.br\/portal\/wp-content\/uploads\/2017\/10\/22554745_1511348128933081_4594411531739568439_n.jpg\" title=\"\"><img decoding=\"async\" style=\"margin: 0 0 10px 10px !important;border-radius:2px !important;box-shadow:0 1px 4px rgba(0, 0, 0, 0.2) !important;\" src=\"http:\/\/www.santanadoitarare.pr.gov.br\/portal\/wp-content\/uploads\/2017\/10\/22554745_1511348128933081_4594411531739568439_n-190x140.jpg\" alt=\"\" \/><\/a><a class=\"pn_fancybox fancybox_69f12bc174330\" rel=\"gallery_69f12bc174330\" href=\"http:\/\/www.santanadoitarare.pr.gov.br\/portal\/wp-content\/uploads\/2017\/10\/22554785_1512420218825872_7453975580015769567_n.jpg\" title=\"\"><img decoding=\"async\" style=\"margin: 0 0 10px 10px !important;border-radius:2px !important;box-shadow:0 1px 4px rgba(0, 0, 0, 0.2) !important;\" src=\"http:\/\/www.santanadoitarare.pr.gov.br\/portal\/wp-content\/uploads\/2017\/10\/22554785_1512420218825872_7453975580015769567_n-190x140.jpg\" alt=\"\" \/><\/a><a class=\"pn_fancybox fancybox_69f12bc174330\" rel=\"gallery_69f12bc174330\" href=\"http:\/\/www.santanadoitarare.pr.gov.br\/portal\/wp-content\/uploads\/2017\/10\/22554830_1510101555724405_806609433582628185_n.jpg\" title=\"\"><img decoding=\"async\" style=\"margin: 0 0 10px 10px !important;border-radius:2px !important;box-shadow:0 1px 4px rgba(0, 0, 0, 0.2) !important;\" src=\"http:\/\/www.santanadoitarare.pr.gov.br\/portal\/wp-content\/uploads\/2017\/10\/22554830_1510101555724405_806609433582628185_n-190x140.jpg\" alt=\"\" \/><\/a><a class=\"pn_fancybox fancybox_69f12bc174330\" rel=\"gallery_69f12bc174330\" href=\"http:\/\/www.santanadoitarare.pr.gov.br\/portal\/wp-content\/uploads\/2017\/10\/22554891_1512420205492540_2588295963257471927_n.jpg\" title=\"\"><img decoding=\"async\" style=\"margin: 0 0 10px 10px !important;border-radius:2px !important;box-shadow:0 1px 4px rgba(0, 0, 0, 0.2) !important;\" src=\"http:\/\/www.santanadoitarare.pr.gov.br\/portal\/wp-content\/uploads\/2017\/10\/22554891_1512420205492540_2588295963257471927_n-190x140.jpg\" alt=\"\" \/><\/a><a class=\"pn_fancybox fancybox_69f12bc174330\" rel=\"gallery_69f12bc174330\" href=\"http:\/\/www.santanadoitarare.pr.gov.br\/portal\/wp-content\/uploads\/2017\/10\/22555066_1512425545492006_7074897572201427046_n.jpg\" title=\"\"><img decoding=\"async\" style=\"margin: 0 0 10px 10px !important;border-radius:2px !important;box-shadow:0 1px 4px rgba(0, 0, 0, 0.2) !important;\" src=\"http:\/\/www.santanadoitarare.pr.gov.br\/portal\/wp-content\/uploads\/2017\/10\/22555066_1512425545492006_7074897572201427046_n-190x140.jpg\" alt=\"\" \/><\/a><a class=\"pn_fancybox fancybox_69f12bc174330\" rel=\"gallery_69f12bc174330\" href=\"http:\/\/www.santanadoitarare.pr.gov.br\/portal\/wp-content\/uploads\/2017\/10\/22555222_1512423348825559_6883303907848219754_n.jpg\" title=\"\"><img decoding=\"async\" style=\"margin: 0 0 10px 10px !important;border-radius:2px !important;box-shadow:0 1px 4px rgba(0, 0, 0, 0.2) !important;\" src=\"http:\/\/www.santanadoitarare.pr.gov.br\/portal\/wp-content\/uploads\/2017\/10\/22555222_1512423348825559_6883303907848219754_n-190x140.jpg\" alt=\"\" \/><\/a><a class=\"pn_fancybox fancybox_69f12bc174330\" rel=\"gallery_69f12bc174330\" href=\"http:\/\/www.santanadoitarare.pr.gov.br\/portal\/wp-content\/uploads\/2017\/10\/22687669_1512421172159110_2875579225696289974_n.jpg\" title=\"\"><img decoding=\"async\" style=\"margin: 0 0 10px 10px !important;border-radius:2px !important;box-shadow:0 1px 4px rgba(0, 0, 0, 0.2) !important;\" src=\"http:\/\/www.santanadoitarare.pr.gov.br\/portal\/wp-content\/uploads\/2017\/10\/22687669_1512421172159110_2875579225696289974_n-190x140.jpg\" alt=\"\" \/><\/a><a class=\"pn_fancybox fancybox_69f12bc174330\" rel=\"gallery_69f12bc174330\" href=\"http:\/\/www.santanadoitarare.pr.gov.br\/portal\/wp-content\/uploads\/2017\/10\/22687711_1512261702175057_2060394757924119737_n.jpg\" title=\"\"><img decoding=\"async\" style=\"margin: 0 0 10px 10px !important;border-radius:2px !important;box-shadow:0 1px 4px rgba(0, 0, 0, 0.2) !important;\" src=\"http:\/\/www.santanadoitarare.pr.gov.br\/portal\/wp-content\/uploads\/2017\/10\/22687711_1512261702175057_2060394757924119737_n-190x140.jpg\" alt=\"\" \/><\/a><a class=\"pn_fancybox fancybox_69f12bc174330\" rel=\"gallery_69f12bc174330\" href=\"http:\/\/www.santanadoitarare.pr.gov.br\/portal\/wp-content\/uploads\/2017\/10\/22687755_1512423148825579_45677429911691154_n.jpg\" title=\"\"><img decoding=\"async\" style=\"margin: 0 0 10px 10px !important;border-radius:2px !important;box-shadow:0 1px 4px rgba(0, 0, 0, 0.2) !important;\" src=\"http:\/\/www.santanadoitarare.pr.gov.br\/portal\/wp-content\/uploads\/2017\/10\/22687755_1512423148825579_45677429911691154_n-190x140.jpg\" alt=\"\" \/><\/a><a class=\"pn_fancybox fancybox_69f12bc174330\" rel=\"gallery_69f12bc174330\" href=\"http:\/\/www.santanadoitarare.pr.gov.br\/portal\/wp-content\/uploads\/2017\/10\/22687822_1510102492390978_4774938908921347641_n.jpg\" title=\"\"><img decoding=\"async\" style=\"margin: 0 0 10px 10px !important;border-radius:2px !important;box-shadow:0 1px 4px rgba(0, 0, 0, 0.2) !important;\" src=\"http:\/\/www.santanadoitarare.pr.gov.br\/portal\/wp-content\/uploads\/2017\/10\/22687822_1510102492390978_4774938908921347641_n-190x140.jpg\" alt=\"\" \/><\/a><a class=\"pn_fancybox fancybox_69f12bc174330\" rel=\"gallery_69f12bc174330\" href=\"http:\/\/www.santanadoitarare.pr.gov.br\/portal\/wp-content\/uploads\/2017\/10\/22687882_1512424138825480_2799162894917800117_n.jpg\" title=\"\"><img decoding=\"async\" style=\"margin: 0 0 10px 10px !important;border-radius:2px !important;box-shadow:0 1px 4px rgba(0, 0, 0, 0.2) !important;\" src=\"http:\/\/www.santanadoitarare.pr.gov.br\/portal\/wp-content\/uploads\/2017\/10\/22687882_1512424138825480_2799162894917800117_n-190x140.jpg\" alt=\"\" \/><\/a><a class=\"pn_fancybox fancybox_69f12bc174330\" rel=\"gallery_69f12bc174330\" href=\"http:\/\/www.santanadoitarare.pr.gov.br\/portal\/wp-content\/uploads\/2017\/10\/22688045_1511348302266397_1202475715876614957_n.jpg\" title=\"\"><img decoding=\"async\" style=\"margin: 0 0 10px 10px !important;border-radius:2px !important;box-shadow:0 1px 4px rgba(0, 0, 0, 0.2) !important;\" src=\"http:\/\/www.santanadoitarare.pr.gov.br\/portal\/wp-content\/uploads\/2017\/10\/22688045_1511348302266397_1202475715876614957_n-190x140.jpg\" alt=\"\" \/><\/a><a class=\"pn_fancybox fancybox_69f12bc174330\" rel=\"gallery_69f12bc174330\" href=\"http:\/\/www.santanadoitarare.pr.gov.br\/portal\/wp-content\/uploads\/2017\/10\/22688110_1512424355492125_8631900826684011035_n.jpg\" title=\"\"><img decoding=\"async\" style=\"margin: 0 0 10px 10px !important;border-radius:2px !important;box-shadow:0 1px 4px rgba(0, 0, 0, 0.2) !important;\" src=\"http:\/\/www.santanadoitarare.pr.gov.br\/portal\/wp-content\/uploads\/2017\/10\/22688110_1512424355492125_8631900826684011035_n-190x140.jpg\" alt=\"\" \/><\/a><a class=\"pn_fancybox fancybox_69f12bc174330\" rel=\"gallery_69f12bc174330\" href=\"http:\/\/www.santanadoitarare.pr.gov.br\/portal\/wp-content\/uploads\/2017\/10\/22688374_1512360405498520_1723732403938403578_n.jpg\" title=\"\"><img decoding=\"async\" style=\"margin: 0 0 10px 10px !important;border-radius:2px !important;box-shadow:0 1px 4px rgba(0, 0, 0, 0.2) !important;\" src=\"http:\/\/www.santanadoitarare.pr.gov.br\/portal\/wp-content\/uploads\/2017\/10\/22688374_1512360405498520_1723732403938403578_n-190x140.jpg\" alt=\"\" \/><\/a><a class=\"pn_fancybox fancybox_69f12bc174330\" rel=\"gallery_69f12bc174330\" href=\"http:\/\/www.santanadoitarare.pr.gov.br\/portal\/wp-content\/uploads\/2017\/10\/22688585_1510101552391072_6904329214027564104_n.jpg\" title=\"\"><img decoding=\"async\" style=\"margin: 0 0 10px 10px !important;border-radius:2px !important;box-shadow:0 1px 4px rgba(0, 0, 0, 0.2) !important;\" src=\"http:\/\/www.santanadoitarare.pr.gov.br\/portal\/wp-content\/uploads\/2017\/10\/22688585_1510101552391072_6904329214027564104_n-190x140.jpg\" alt=\"\" \/><\/a><a class=\"pn_fancybox fancybox_69f12bc174330\" rel=\"gallery_69f12bc174330\" href=\"http:\/\/www.santanadoitarare.pr.gov.br\/portal\/wp-content\/uploads\/2017\/10\/22688899_1512423948825499_8061445652961754300_n.jpg\" title=\"\"><img decoding=\"async\" style=\"margin: 0 0 10px 10px !important;border-radius:2px !important;box-shadow:0 1px 4px rgba(0, 0, 0, 0.2) !important;\" src=\"http:\/\/www.santanadoitarare.pr.gov.br\/portal\/wp-content\/uploads\/2017\/10\/22688899_1512423948825499_8061445652961754300_n-190x140.jpg\" alt=\"\" \/><\/a><a class=\"pn_fancybox fancybox_69f12bc174330\" rel=\"gallery_69f12bc174330\" href=\"http:\/\/www.santanadoitarare.pr.gov.br\/portal\/wp-content\/uploads\/2017\/10\/22728784_1512262412174986_1887260385533216575_n.jpg\" title=\"\"><img decoding=\"async\" style=\"margin: 0 0 10px 10px !important;border-radius:2px !important;box-shadow:0 1px 4px rgba(0, 0, 0, 0.2) !important;\" src=\"http:\/\/www.santanadoitarare.pr.gov.br\/portal\/wp-content\/uploads\/2017\/10\/22728784_1512262412174986_1887260385533216575_n-190x140.jpg\" alt=\"\" \/><\/a><a class=\"pn_fancybox fancybox_69f12bc174330\" rel=\"gallery_69f12bc174330\" href=\"http:\/\/www.santanadoitarare.pr.gov.br\/portal\/wp-content\/uploads\/2017\/10\/22728790_1512425248825369_4770021817254779168_n.jpg\" title=\"\"><img decoding=\"async\" style=\"margin: 0 0 10px 10px !important;border-radius:2px !important;box-shadow:0 1px 4px rgba(0, 0, 0, 0.2) !important;\" src=\"http:\/\/www.santanadoitarare.pr.gov.br\/portal\/wp-content\/uploads\/2017\/10\/22728790_1512425248825369_4770021817254779168_n-190x140.jpg\" alt=\"\" \/><\/a><a class=\"pn_fancybox fancybox_69f12bc174330\" rel=\"gallery_69f12bc174330\" href=\"http:\/\/www.santanadoitarare.pr.gov.br\/portal\/wp-content\/uploads\/2017\/10\/22730198_1511349772266250_1390801507771983118_n.jpg\" title=\"\"><img decoding=\"async\" style=\"margin: 0 0 10px 10px !important;border-radius:2px !important;box-shadow:0 1px 4px rgba(0, 0, 0, 0.2) !important;\" src=\"http:\/\/www.santanadoitarare.pr.gov.br\/portal\/wp-content\/uploads\/2017\/10\/22730198_1511349772266250_1390801507771983118_n-190x140.jpg\" alt=\"\" \/><\/a><a class=\"pn_fancybox fancybox_69f12bc174330\" rel=\"gallery_69f12bc174330\" href=\"http:\/\/www.santanadoitarare.pr.gov.br\/portal\/wp-content\/uploads\/2017\/10\/22730422_1512360255498535_476371397041998820_n.jpg\" title=\"\"><img decoding=\"async\" style=\"margin: 0 0 10px 10px !important;border-radius:2px !important;box-shadow:0 1px 4px rgba(0, 0, 0, 0.2) !important;\" src=\"http:\/\/www.santanadoitarare.pr.gov.br\/portal\/wp-content\/uploads\/2017\/10\/22730422_1512360255498535_476371397041998820_n-190x140.jpg\" alt=\"\" \/><\/a><a class=\"pn_fancybox fancybox_69f12bc174330\" rel=\"gallery_69f12bc174330\" href=\"http:\/\/www.santanadoitarare.pr.gov.br\/portal\/wp-content\/uploads\/2017\/10\/22780146_1512424112158816_8638832616152080792_n.jpg\" title=\"\"><img decoding=\"async\" style=\"margin: 0 0 10px 10px !important;border-radius:2px !important;box-shadow:0 1px 4px rgba(0, 0, 0, 0.2) !important;\" src=\"http:\/\/www.santanadoitarare.pr.gov.br\/portal\/wp-content\/uploads\/2017\/10\/22780146_1512424112158816_8638832616152080792_n-190x140.jpg\" alt=\"\" \/><\/a><a class=\"pn_fancybox fancybox_69f12bc174330\" rel=\"gallery_69f12bc174330\" href=\"http:\/\/www.santanadoitarare.pr.gov.br\/portal\/wp-content\/uploads\/2017\/10\/capa-3-1.jpg\" title=\"\"><img decoding=\"async\" style=\"margin: 0 0 10px 10px !important;border-radius:2px !important;box-shadow:0 1px 4px rgba(0, 0, 0, 0.2) !important;\" src=\"http:\/\/www.santanadoitarare.pr.gov.br\/portal\/wp-content\/uploads\/2017\/10\/capa-3-1-190x140.jpg\" alt=\"\" \/><\/a><a class=\"pn_fancybox fancybox_69f12bc174330\" rel=\"gallery_69f12bc174330\" href=\"http:\/\/www.santanadoitarare.pr.gov.br\/portal\/wp-content\/uploads\/2017\/10\/portal-copel-e-sanepar-2-1024x576.jpg\" title=\"\"><img decoding=\"async\" style=\"margin: 0 0 10px 10px !important;border-radius:2px !important;box-shadow:0 1px 4px rgba(0, 0, 0, 0.2) !important;\" src=\"http:\/\/www.santanadoitarare.pr.gov.br\/portal\/wp-content\/uploads\/2017\/10\/portal-copel-e-sanepar-2-1024x576-190x140.jpg\" alt=\"\" \/><\/a>        <\/div>\n    \n\n    <script type=\"text\/javascript\">\n        jQuery(document).ready(function() {\n            jQuery(\".fancybox_69f12bc174330\").fancybox({\n                openEffect: 'elastic',\n                closeEffect: 'elastic',\n                padding: 0\n            });\n        });\n    <\/script>\n\n\n<p>&nbsp;<\/p>\n","protected":false},"excerpt":{"rendered":"<p>Mesmo fazendo uso consciente dos recursos financeiros, a Feira do Produtor Rural teve tudo que se esperava de uma grande&#46;&#46;&#46;<\/p>\n","protected":false},"author":2,"featured_media":4198,"comment_status":"closed","ping_status":"closed","sticky":false,"template":"","format":"standard","meta":{"footnotes":""},"categories":[25,37],"tags":[],"class_list":["post-4197","post","type-post","status-publish","format-standard","has-post-thumbnail","hentry","category-c18-destaques","category-prefeitura-em-acao"],"_links":{"self":[{"href":"https:\/\/www.santanadoitarare.pr.gov.br\/portal\/wp-json\/wp\/v2\/posts\/4197","targetHints":{"allow":["GET"]}}],"collection":[{"href":"https:\/\/www.santanadoitarare.pr.gov.br\/portal\/wp-json\/wp\/v2\/posts"}],"about":[{"href":"https:\/\/www.santanadoitarare.pr.gov.br\/portal\/wp-json\/wp\/v2\/types\/post"}],"author":[{"embeddable":true,"href":"https:\/\/www.santanadoitarare.pr.gov.br\/portal\/wp-json\/wp\/v2\/users\/2"}],"replies":[{"embeddable":true,"href":"https:\/\/www.santanadoitarare.pr.gov.br\/portal\/wp-json\/wp\/v2\/comments?post=4197"}],"version-history":[{"count":0,"href":"https:\/\/www.santanadoitarare.pr.gov.br\/portal\/wp-json\/wp\/v2\/posts\/4197\/revisions"}],"wp:featuredmedia":[{"embeddable":true,"href":"https:\/\/www.santanadoitarare.pr.gov.br\/portal\/wp-json\/wp\/v2\/media\/4198"}],"wp:attachment":[{"href":"https:\/\/www.santanadoitarare.pr.gov.br\/portal\/wp-json\/wp\/v2\/media?parent=4197"}],"wp:term":[{"taxonomy":"category","embeddable":true,"href":"https:\/\/www.santanadoitarare.pr.gov.br\/portal\/wp-json\/wp\/v2\/categories?post=4197"},{"taxonomy":"post_tag","embeddable":true,"href":"https:\/\/www.santanadoitarare.pr.gov.br\/portal\/wp-json\/wp\/v2\/tags?post=4197"}],"curies":[{"name":"wp","href":"https:\/\/api.w.org\/{rel}","templated":true}]}}