{"id":8338,"date":"2025-02-07T17:06:07","date_gmt":"2025-02-07T20:06:07","guid":{"rendered":"https:\/\/www.santanadoitarare.pr.gov.br\/portal\/?p=8338"},"modified":"2025-02-20T08:44:50","modified_gmt":"2025-02-20T11:44:50","slug":"santana-do-itarare-recebe-nova-van-para-transporte-de-pacientes-da-saude","status":"publish","type":"post","link":"https:\/\/www.santanadoitarare.pr.gov.br\/portal\/santana-do-itarare-recebe-nova-van-para-transporte-de-pacientes-da-saude\/","title":{"rendered":"SANTANA DO ITARAR\u00c9 RECEBE NOVA VAN PARA TRANSPORTE DE PACIENTES DA SA\u00daDE"},"content":{"rendered":"<p dir=\"auto\"><span style=\"font-family: arial, helvetica, sans-serif;\">Santana do Itarar\u00e9 recebeu, nesta quinta-feira (6), um novo refor\u00e7o para a \u00e1rea da sa\u00fade: uma van zero quil\u00f4metro, adquirida para garantir mais seguran\u00e7a e conforto no transporte de pacientes para consultas m\u00e9dicas. O ve\u00edculo, avaliado em R$ 299 mil, foi disponibilizado por meio de um programa da Secretaria de Sa\u00fade do Paran\u00e1, com recursos liberados pelo ex-deputado e atual prefeito de Londrina, Tiago Amaral.<\/span><\/p>\n<p dir=\"auto\"><span style=\"font-family: arial, helvetica, sans-serif;\">A entrega oficial contou com a presen\u00e7a do secret\u00e1rio municipal de Sa\u00fade, Marcos Torres, que destacou a import\u00e2ncia da nova aquisi\u00e7\u00e3o para a popula\u00e7\u00e3o. \u201cEsse ve\u00edculo ser\u00e1 de grande ajuda e muito bem utilizado pelos santanenses. Seguimos firmes no compromisso com a sa\u00fade e o bem-estar da nossa comunidade\u201d, afirmou o secret\u00e1rio.<\/span><\/p>\n<p dir=\"auto\"><span style=\"font-family: arial, helvetica, sans-serif;\">A aquisi\u00e7\u00e3o da van foi poss\u00edvel ap\u00f3s a Prefeitura Municipal manifestar interesse e apresentar o projeto dentro do programa estadual. Com a contempla\u00e7\u00e3o, Santana agora conta com mais uma ferramenta essencial para facilitar o deslocamento dos pacientes que precisam de atendimento m\u00e9dico fora do munic\u00edpio.<\/span><\/p>\n<p dir=\"auto\"><span style=\"font-family: arial, helvetica, sans-serif;\">A nova van refor\u00e7a os investimentos na sa\u00fade local e demonstra o compromisso da gest\u00e3o em melhorar os servi\u00e7os oferecidos \u00e0 popula\u00e7\u00e3o.<\/span><\/p>\n<p dir=\"auto\"><span style=\"font-family: arial, helvetica, sans-serif;\">Veja as fotos abaixo:<\/span><\/p>\n<p dir=\"auto\">\n    \n            <div style=\"overflow: hidden;\">\n            <a class=\"pn_fancybox fancybox_69f0df5292ec0\" rel=\"gallery_69f0df5292ec0\" href=\"https:\/\/www.santanadoitarare.pr.gov.br\/portal\/wp-content\/uploads\/2025\/02\/Design-sem-nome-3.png\" title=\"\"><img decoding=\"async\" style=\"margin: 0 0 10px 10px !important;border-radius:2px !important;box-shadow:0 1px 4px rgba(0, 0, 0, 0.2) !important;\" src=\"https:\/\/www.santanadoitarare.pr.gov.br\/portal\/wp-content\/uploads\/2025\/02\/Design-sem-nome-3-200x140.png\" alt=\"\" \/><\/a><a class=\"pn_fancybox fancybox_69f0df5292ec0\" rel=\"gallery_69f0df5292ec0\" href=\"https:\/\/www.santanadoitarare.pr.gov.br\/portal\/wp-content\/uploads\/2025\/02\/IMG_6027-scaled.jpg\" title=\"\"><img decoding=\"async\" style=\"margin: 0 0 10px 10px !important;border-radius:2px !important;box-shadow:0 1px 4px rgba(0, 0, 0, 0.2) !important;\" src=\"https:\/\/www.santanadoitarare.pr.gov.br\/portal\/wp-content\/uploads\/2025\/02\/IMG_6027-scaled-200x140.jpg\" alt=\"\" \/><\/a><a class=\"pn_fancybox fancybox_69f0df5292ec0\" rel=\"gallery_69f0df5292ec0\" href=\"https:\/\/www.santanadoitarare.pr.gov.br\/portal\/wp-content\/uploads\/2025\/02\/IMG_6028-scaled.jpg\" title=\"\"><img decoding=\"async\" style=\"margin: 0 0 10px 10px !important;border-radius:2px !important;box-shadow:0 1px 4px rgba(0, 0, 0, 0.2) !important;\" src=\"https:\/\/www.santanadoitarare.pr.gov.br\/portal\/wp-content\/uploads\/2025\/02\/IMG_6028-scaled-200x140.jpg\" alt=\"\" \/><\/a><a class=\"pn_fancybox fancybox_69f0df5292ec0\" rel=\"gallery_69f0df5292ec0\" href=\"https:\/\/www.santanadoitarare.pr.gov.br\/portal\/wp-content\/uploads\/2025\/02\/IMG_6029-scaled.jpg\" title=\"\"><img decoding=\"async\" style=\"margin: 0 0 10px 10px !important;border-radius:2px !important;box-shadow:0 1px 4px rgba(0, 0, 0, 0.2) !important;\" src=\"https:\/\/www.santanadoitarare.pr.gov.br\/portal\/wp-content\/uploads\/2025\/02\/IMG_6029-scaled-200x140.jpg\" alt=\"\" \/><\/a><a class=\"pn_fancybox fancybox_69f0df5292ec0\" rel=\"gallery_69f0df5292ec0\" href=\"https:\/\/www.santanadoitarare.pr.gov.br\/portal\/wp-content\/uploads\/2025\/02\/IMG_6032-scaled.jpg\" title=\"\"><img decoding=\"async\" style=\"margin: 0 0 10px 10px !important;border-radius:2px !important;box-shadow:0 1px 4px rgba(0, 0, 0, 0.2) !important;\" src=\"https:\/\/www.santanadoitarare.pr.gov.br\/portal\/wp-content\/uploads\/2025\/02\/IMG_6032-scaled-200x140.jpg\" alt=\"\" \/><\/a><a class=\"pn_fancybox fancybox_69f0df5292ec0\" rel=\"gallery_69f0df5292ec0\" href=\"https:\/\/www.santanadoitarare.pr.gov.br\/portal\/wp-content\/uploads\/2025\/02\/IMG_6035-scaled.jpg\" title=\"\"><img decoding=\"async\" style=\"margin: 0 0 10px 10px !important;border-radius:2px !important;box-shadow:0 1px 4px rgba(0, 0, 0, 0.2) !important;\" src=\"https:\/\/www.santanadoitarare.pr.gov.br\/portal\/wp-content\/uploads\/2025\/02\/IMG_6035-scaled-200x140.jpg\" alt=\"\" \/><\/a><a class=\"pn_fancybox fancybox_69f0df5292ec0\" rel=\"gallery_69f0df5292ec0\" href=\"https:\/\/www.santanadoitarare.pr.gov.br\/portal\/wp-content\/uploads\/2025\/02\/IMG_6038-scaled.jpg\" title=\"\"><img decoding=\"async\" style=\"margin: 0 0 10px 10px !important;border-radius:2px !important;box-shadow:0 1px 4px rgba(0, 0, 0, 0.2) !important;\" src=\"https:\/\/www.santanadoitarare.pr.gov.br\/portal\/wp-content\/uploads\/2025\/02\/IMG_6038-scaled-200x140.jpg\" alt=\"\" \/><\/a><a class=\"pn_fancybox fancybox_69f0df5292ec0\" rel=\"gallery_69f0df5292ec0\" href=\"https:\/\/www.santanadoitarare.pr.gov.br\/portal\/wp-content\/uploads\/2025\/02\/IMG_6041-scaled.jpg\" title=\"\"><img decoding=\"async\" style=\"margin: 0 0 10px 10px !important;border-radius:2px !important;box-shadow:0 1px 4px rgba(0, 0, 0, 0.2) !important;\" src=\"https:\/\/www.santanadoitarare.pr.gov.br\/portal\/wp-content\/uploads\/2025\/02\/IMG_6041-scaled-200x140.jpg\" alt=\"\" \/><\/a><a class=\"pn_fancybox fancybox_69f0df5292ec0\" rel=\"gallery_69f0df5292ec0\" href=\"https:\/\/www.santanadoitarare.pr.gov.br\/portal\/wp-content\/uploads\/2025\/02\/IMG_6042-scaled.jpg\" title=\"\"><img decoding=\"async\" style=\"margin: 0 0 10px 10px !important;border-radius:2px !important;box-shadow:0 1px 4px rgba(0, 0, 0, 0.2) !important;\" src=\"https:\/\/www.santanadoitarare.pr.gov.br\/portal\/wp-content\/uploads\/2025\/02\/IMG_6042-scaled-200x140.jpg\" alt=\"\" \/><\/a><a class=\"pn_fancybox fancybox_69f0df5292ec0\" rel=\"gallery_69f0df5292ec0\" href=\"https:\/\/www.santanadoitarare.pr.gov.br\/portal\/wp-content\/uploads\/2025\/02\/IMG_6046-scaled.jpg\" title=\"\"><img decoding=\"async\" style=\"margin: 0 0 10px 10px !important;border-radius:2px !important;box-shadow:0 1px 4px rgba(0, 0, 0, 0.2) !important;\" src=\"https:\/\/www.santanadoitarare.pr.gov.br\/portal\/wp-content\/uploads\/2025\/02\/IMG_6046-scaled-200x140.jpg\" alt=\"\" \/><\/a><a class=\"pn_fancybox fancybox_69f0df5292ec0\" rel=\"gallery_69f0df5292ec0\" href=\"https:\/\/www.santanadoitarare.pr.gov.br\/portal\/wp-content\/uploads\/2025\/02\/cale-joas.png\" title=\"\"><img decoding=\"async\" style=\"margin: 0 0 10px 10px !important;border-radius:2px !important;box-shadow:0 1px 4px rgba(0, 0, 0, 0.2) !important;\" src=\"https:\/\/www.santanadoitarare.pr.gov.br\/portal\/wp-content\/uploads\/2025\/02\/cale-joas-200x140.png\" alt=\"\" \/><\/a>        <\/div>\n    \n\n    <script type=\"text\/javascript\">\n        jQuery(document).ready(function() {\n            jQuery(\".fancybox_69f0df5292ec0\").fancybox({\n                openEffect: 'elastic',\n                closeEffect: 'elastic',\n                padding: 0\n            });\n        });\n    <\/script>\n\n<\/p>\n","protected":false},"excerpt":{"rendered":"<p>Santana do Itarar\u00e9 recebeu, nesta quinta-feira (6), um novo refor\u00e7o para a \u00e1rea da sa\u00fade: uma van zero quil\u00f4metro, adquirida&#46;&#46;&#46;<\/p>\n","protected":false},"author":2,"featured_media":8340,"comment_status":"closed","ping_status":"closed","sticky":false,"template":"","format":"standard","meta":{"footnotes":""},"categories":[41,25,37],"tags":[],"class_list":["post-8338","post","type-post","status-publish","format-standard","has-post-thumbnail","hentry","category-capa","category-c18-destaques","category-prefeitura-em-acao"],"_links":{"self":[{"href":"https:\/\/www.santanadoitarare.pr.gov.br\/portal\/wp-json\/wp\/v2\/posts\/8338","targetHints":{"allow":["GET"]}}],"collection":[{"href":"https:\/\/www.santanadoitarare.pr.gov.br\/portal\/wp-json\/wp\/v2\/posts"}],"about":[{"href":"https:\/\/www.santanadoitarare.pr.gov.br\/portal\/wp-json\/wp\/v2\/types\/post"}],"author":[{"embeddable":true,"href":"https:\/\/www.santanadoitarare.pr.gov.br\/portal\/wp-json\/wp\/v2\/users\/2"}],"replies":[{"embeddable":true,"href":"https:\/\/www.santanadoitarare.pr.gov.br\/portal\/wp-json\/wp\/v2\/comments?post=8338"}],"version-history":[{"count":5,"href":"https:\/\/www.santanadoitarare.pr.gov.br\/portal\/wp-json\/wp\/v2\/posts\/8338\/revisions"}],"predecessor-version":[{"id":8398,"href":"https:\/\/www.santanadoitarare.pr.gov.br\/portal\/wp-json\/wp\/v2\/posts\/8338\/revisions\/8398"}],"wp:featuredmedia":[{"embeddable":true,"href":"https:\/\/www.santanadoitarare.pr.gov.br\/portal\/wp-json\/wp\/v2\/media\/8340"}],"wp:attachment":[{"href":"https:\/\/www.santanadoitarare.pr.gov.br\/portal\/wp-json\/wp\/v2\/media?parent=8338"}],"wp:term":[{"taxonomy":"category","embeddable":true,"href":"https:\/\/www.santanadoitarare.pr.gov.br\/portal\/wp-json\/wp\/v2\/categories?post=8338"},{"taxonomy":"post_tag","embeddable":true,"href":"https:\/\/www.santanadoitarare.pr.gov.br\/portal\/wp-json\/wp\/v2\/tags?post=8338"}],"curies":[{"name":"wp","href":"https:\/\/api.w.org\/{rel}","templated":true}]}}